{"id":2803,"date":"2024-08-13T12:00:10","date_gmt":"2024-08-13T12:00:10","guid":{"rendered":"https:\/\/hbsmagazine.eu\/?p=2803"},"modified":"2024-08-29T21:37:33","modified_gmt":"2024-08-29T21:37:33","slug":"fryzjerska-sztuka-pasja-i-profesjonalizm","status":"publish","type":"post","link":"https:\/\/hbsmagazine.eu\/pl\/fryzjerska-sztuka-pasja-i-profesjonalizm\/","title":{"rendered":"Fryzjerska Sztuka: Pasja i profesjonalizm Ma\u0142gorzaty Pyzik"},"content":{"rendered":"<p>Ma\u0142gorzata Pyzik, wyj\u0105tkowa kobieta w \u015bwiecie fryzjerstwa, kt\u00f3ra swoj\u0105 pasj\u0119 przekszta\u0142ci\u0142a w sztuk\u0119 i profesjonalizm. Nasz\u0105 bohaterk\u0105 jest do\u015bwiadczona instruktorka przed\u0142u\u017cania w\u0142os\u00f3w, kt\u00f3ra zdoby\u0142a mistrzostwo Polski w tej dziedzinie w 2017 roku. Od 14 lat prowadzi w\u0142asny salon fryzur. Fryzjerstwo to dla niej nie tylko zaw\u00f3d, ale tak\u017ce pasja, kt\u00f3ra rozpocz\u0119\u0142a si\u0119 w dzieci\u0144stwie. Dzi\u0119ki jej indywidualnemu podej\u015bciu do klienta oraz unikalnym umiej\u0119tno\u015bciom ka\u017cda wizyta w jej salonie to nie tylko metamorfoza, ale i prawdziwa przyjemno\u015b\u0107.<\/p><p>\u25cf <strong>Jak zacz\u0119\u0142a si\u0119 Twoja przygoda z fryzjerstwem i co zainspirowa\u0142o Ci\u0119 do za\u0142o\u017cenia w\u0142asnego salonu? <\/strong><\/p><p>Moja pasja do fryzjerstwa rozpocz\u0119\u0142a si\u0119 ju\u017c w dzieci\u0144stwie, kiedy z pe\u0142nym przekonaniem m\u00f3wi\u0142am, \u017ce zostan\u0119 fryzjerem. To pasja zainspirowa\u0142a mnie do stworzenia w\u0142asnego salonu. W\u0142a\u015bnie z mi\u0142o\u015bci do pi\u0119knych w\u0142os\u00f3w i \u015bwiadomo\u015bci jak wa\u017cne s\u0105 one dla kobiet, postanowi\u0142am stworzy\u0107 miejsce, w kt\u00f3rym ka\u017cda klientka mo\u017ce poczu\u0107 si\u0119 wyj\u0105tkowo.<\/p><p>\u25cf <strong>Jakie by\u0142y najwi\u0119ksze wyzwania, z jakimi musia\u0142a\u015b si\u0119 zmierzy\u0107 na pocz\u0105tku swojej kariery zawodowej?<\/strong><\/p><p>Na pocz\u0105tku mojej kariery fryzjerskiej najwi\u0119kszymi wyzwaniami by\u0142y zdobycie zaufania klient\u00f3w oraz udowodnienie, \u017ce potrafi\u0119 sprosta\u0107 ich oczekiwaniom. W konkurencyjnej bran\u017cy fryzjerskiej, szczeg\u00f3lnie na pocz\u0105tku, musia\u0142am ci\u0119\u017cko pracowa\u0107. Innym wyzwaniem by\u0142o opanowanie zaawansowanych technik takich jak koloryzacja i przed\u0142u\u017canie w\u0142os\u00f3w, co wymaga ci\u0105g\u0142ego doskonalenia si\u0119 i uczestnictwa w licznych szkoleniach. Ka\u017cde z tych wyzwa\u0144 jest motywacj\u0105 do dalszego rozwoju i d\u0105\u017cenia do perfekcji w tym, co robi\u0119.<\/p><p>\u25cf <strong>Dlaczego zdecydowa\u0142a\u015b si\u0119 skupi\u0107 na przed\u0142u\u017caniu i zag\u0119szczaniu w\u0142os\u00f3w? Jakie potrzeby klient\u00f3w wp\u0142yn\u0119\u0142y na t\u0119 decyzj\u0119?<\/strong><\/p><p>Do skupienia na przed\u0142u\u017caniu i zag\u0119szczaniu w\u0142os\u00f3w sk\u0142oni\u0142o mnie pragnienie, aby pomaga\u0107 kobietom odzyska\u0107 pewno\u015b\u0107 siebie i spe\u0142nia\u0107 ich marzenie o pi\u0119knych g\u0119stych w\u0142osach. Zauwa\u017cy\u0142am, \u017ce wiele moich klientek boryka si\u0119 z problemem cienkich w\u0142os\u00f3w, co wp\u0142ywa na ich samoocen\u0119. To w\u0142a\u015bnie efekty i rado\u015b\u0107, jak\u0105 widz\u0119 na twarzach moich klientek, zainspirowa\u0142y mnie do specjalizacji w tej dziedzinie.<\/p><p>\u25cf <strong>W jaki spos\u00f3b wielowymiarowe koloryzacje przyczyniaj\u0105 si\u0119 do metamorfoz klient\u00f3w ? Jakie techniki stosujesz w tym zakresie ?<\/strong><\/p><p>Wielowymiarowa koloryzacja to technika fryzjerska, kt\u00f3ra dodaje g\u0142\u0119bi i ruchu w\u0142osom dzi\u0119ki u\u017cyciu r\u00f3\u017cnych odcieni. Metoda ta mo\u017ce odmieni\u0107 wygl\u0105d, podkre\u015bli\u0107 rysy twarzy i doda\u0107 obj\u0119to\u015bci. W ramach tej koloryzacji stosuje si\u0119 techniki takie jak baleyage, ombre, sombre, babylights, airtouch i shatouch, kt\u00f3re oferuj\u0105 efekty od subtelnych refleks\u00f3w po bardziej wyraziste. Techniki te mog\u0105 by\u0107 u\u017cywane samodzielnie lub w kombinacji, co wymaga ci\u0105g\u0142ego doskonalenia umiej\u0119tno\u015bci i \u015bledzenia trend\u00f3w, by zapewni\u0107 nowoczesne i spersonalizowane rozwi\u0105zania.<\/p><p>\u25cf <strong>Co sprawia Ci najwi\u0119ksz\u0105 rado\u015b\u0107 w pracy fryzjera i jakie aspekty tej pracy s\u0105 dla Ciebie najbardziej satysfakcjonuj\u0105ce?<\/strong><\/p><p>Najwi\u0119ksz\u0105 rado\u015b\u0107 w pracy fryzjera sprawia mi mo\u017cliwo\u015b\u0107 pozytywnej zmiany. Najbardziej satysfakcjonuj\u0105cy jest moment, gdy klientka spogl\u0105da w lustro i widzi efekty naszej pracy \u2013 niezale\u017cnie czy jest to wymarzona koloryzacja, nowa fryzura czy spektakularne przed\u0142u\u017canie w\u0142os\u00f3w, kiedy widz\u0119, jak opuszczaj\u0105 m\u00f3j salon z u\u015bmiechem na twarzy i nowo odkryt\u0105 pewno\u015bci\u0105 siebie. Uwielbiam te\u017c kreatywn\u0105 stron\u0119 fryzjerstwa \u2013 mo\u017cliwo\u015b\u0107 eksperymentowania z kolorem, stylizacj\u0105 r\u00f3\u017cnymi technikami stworzy\u0107 fryzury idealnie dopasowane do potrzeb osobowo\u015bci. To po\u0142\u0105czenie kreatywno\u015bci, techniki i emocji sprawia, \u017ce praca fryzjera jest dla mnie nie tylko zawodem, ale i pasj\u0105.<\/p><p>\u25cf <strong>Co wed\u0142ug Ciebie jest kluczowe w budowaniu d\u0142ugotrwa\u0142ej relacji z klientami, zw\u0142aszcza w dobrze znanym i cenionym salonie?<\/strong><\/p><p>Ka\u017cdy klient jest inny, dlatego tak wa\u017cne jest, aby traktowa\u0107 go w spos\u00f3b indywidualny. S\u0142uchanie i zrozumienie, a nast\u0119pnie oferowanie spersonalizowanych rozwi\u0105za\u0144 buduje zaufanie i lojalno\u015b\u0107, klienci wracaj\u0105 do miejsc, gdzie mog\u0105 liczy\u0107 na wysok\u0105 jako\u015b\u0107 us\u0142ug, doceniaj\u0105, gdy fryzjer nie tylko wykonuje swoj\u0105 prac\u0119, ale r\u00f3wnie\u017c doradza i edukuje. Klienci szybko zauwa\u017caj\u0105, kiedy fryzjer jest autentycznie zaanga\u017cowany i pasjonuje si\u0119 swoj\u0105 prac\u0105. To zara\u017ca pozytywn\u0105 energi\u0105 i sprawia, \u017ce chc\u0105 wraca\u0107, poniewa\u017c czuj\u0105, \u017ce ich pi\u0119kno jest w dobrych r\u0119kach.<\/p><p>\u25cf <strong>Jakie korzy\u015bci zauwa\u017casz w zakresie rozwoju zawodowego i osobistego dzi\u0119ki wsp\u00f3\u0142pracy z m\u0119\u017cem w salonie?<\/strong><\/p><p>Wsp\u00f3\u0142praca z m\u0119\u017cem, kt\u00f3ry jest trychologiem, przynosi wiele korzy\u015bci w zakresie rozwoju. Wsp\u00f3\u0142praca z trychologiem umo\u017cliwia integracj\u0119 wiedzy fryzjerskiej z podej\u015bciem zdrowotnym. Mog\u0119 oferowa\u0107 klientom bardziej kompleksow\u0105 us\u0142ug\u0119, \u0142\u0105cz\u0105c aspekty fryzjerstwa z diagnostyk\u0105 i radzeniem sobie z problemami trychologicznymi. Integracja wiedzy fryzjerskiej i trychologicznej sprzyja tworzeniu innowacyjnych us\u0142ug i rozwi\u0105za\u0144 dla klient\u00f3w. Klienci przez to po\u0142\u0105czenie s\u0105 bardziej zaopiekowani. Wsp\u00f3\u0142praca z ekspertem trychologii daje mi pewno\u015b\u0107, \u017ce moja praca jest wspierana solidn\u0105 wiedz\u0105 i do\u015bwiadczeniem. To wzmocnienie pewno\u015bci siebie wp\u0142ywa na moj\u0105 efektywno\u015b\u0107 i jako\u015b\u0107 \u015bwiadczonych us\u0142ug.<\/p><p>\u25cf <strong>W\u015br\u00f3d klient\u00f3w Twojego salonu mo\u017cna zauwa\u017cy\u0107 r\u00f3\u017cne typy \u2013 czy mog\u0142aby\u015b opisa\u0107, jakie s\u0105 ich najcz\u0119stsze potrzeby i oczekiwania?<\/strong><\/p><p>W\u015br\u00f3d klient\u00f3w salonu mo\u017cna zauwa\u017cy\u0107 r\u00f3\u017cne typy, a ich potrzeby i oczekiwania s\u0105 bardzo zr\u00f3\u017cnicowane. Klienci szukaj\u0105cy zmiany, dbaj\u0105cy o regularn\u0105 piel\u0119gnacj\u0119 z konkretnym problemem, preferuj\u0105cy naturalny wygl\u0105d. Ka\u017cda z tych grup ma inne potrzeby, ale wsp\u00f3lnym mianownikiem jest oczekiwanie profesjonalizmu, indywidualnego podej\u015bcia oraz zrozumienia ich oczekiwa\u0144 i stylu \u017cycia.<\/p><p>\u25cf <strong>Czy masz wyj\u0105tkow\u0105 histori\u0119 zwi\u0105zan\u0105 z klientem, kt\u00f3ra szczeg\u00f3lnie zapad\u0142a Ci w pami\u0119\u0107?<\/strong><\/p><p>Jednym z najbardziej wzruszaj\u0105cych moment\u00f3w w mojej karierze by\u0142a praca z klientk\u0105 cierpi\u0105c\u0105 na \u0142ysienie androgenowe. Po zastosowaniu systemu zag\u0119szczaj\u0105cego z zamkni\u0119tej smutnej i przygaszonej osoby zmieni\u0142a si\u0119 w pewn\u0105 siebie kobiet\u0119 pe\u0142n\u0105 u\u015bmiechu. Ta metamorfoza nie tylko poprawi\u0142a jej wygl\u0105d, ale sprawi\u0142a, \u017ce uwierzy\u0142a w siebie na nowo. To do\u015bwiadczenie u\u015bwiadomi\u0142o mi jeszcze bardziej, jak kluczow\u0105 rol\u0119 w\u0142osy odgrywaj\u0105 w poznaniu warto\u015bci i pewno\u015bci siebie u kobiet.<\/p><p class=\"has-palette-color-3-color has-text-color has-link-color wp-elements-7b238c0696d61094360553ed92fe6dc6\"><a href=\"http:\/\/www.salonmalgorzata.pl\" data-type=\"link\" data-id=\"www.salonmalgorzata.pl\" target=\"_blank\" rel=\"noopener noreferrer nofollow\">www.salonmalgorzata.pl<\/a><br>IG @salon_fryzur_malgorzata<br>FB Salon Fryzur MA\u0141GORZATA<\/p>","protected":false},"excerpt":{"rendered":"<p>Ma\u0142gorzata Pyzik, wyj\u0105tkowa kobieta w \u015bwiecie fryzjerstwa, kt\u00f3ra swoj\u0105 pasj\u0119 przekszta\u0142ci\u0142a w sztuk\u0119 i profesjonalizm. Nasz\u0105 bohaterk\u0105 jest do\u015bwiadczona instruktorka przed\u0142u\u017cania w\u0142os\u00f3w, kt\u00f3ra zdoby\u0142a mistrzostwo Polski w tej dziedzinie w 2017 roku. Od 14 lat prowadzi w\u0142asny salon fryzur. Fryzjerstwo to dla niej nie tylko zaw\u00f3d, ale tak\u017ce pasja, kt\u00f3ra rozpocz\u0119\u0142a si\u0119 w dzieci\u0144stwie. Dzi\u0119ki [&hellip;]<\/p>\n","protected":false},"author":3,"featured_media":3042,"comment_status":"open","ping_status":"open","sticky":false,"template":"","format":"standard","meta":{"footnotes":""},"categories":[53],"tags":[],"class_list":["post-2803","post","type-post","status-publish","format-standard","has-post-thumbnail","hentry","category-stars"],"blocksy_meta":[],"_links":{"self":[{"href":"https:\/\/hbsmagazine.eu\/pl\/wp-json\/wp\/v2\/posts\/2803","targetHints":{"allow":["GET"]}}],"collection":[{"href":"https:\/\/hbsmagazine.eu\/pl\/wp-json\/wp\/v2\/posts"}],"about":[{"href":"https:\/\/hbsmagazine.eu\/pl\/wp-json\/wp\/v2\/types\/post"}],"author":[{"embeddable":true,"href":"https:\/\/hbsmagazine.eu\/pl\/wp-json\/wp\/v2\/users\/3"}],"replies":[{"embeddable":true,"href":"https:\/\/hbsmagazine.eu\/pl\/wp-json\/wp\/v2\/comments?post=2803"}],"version-history":[{"count":4,"href":"https:\/\/hbsmagazine.eu\/pl\/wp-json\/wp\/v2\/posts\/2803\/revisions"}],"predecessor-version":[{"id":3091,"href":"https:\/\/hbsmagazine.eu\/pl\/wp-json\/wp\/v2\/posts\/2803\/revisions\/3091"}],"wp:featuredmedia":[{"embeddable":true,"href":"https:\/\/hbsmagazine.eu\/pl\/wp-json\/wp\/v2\/media\/3042"}],"wp:attachment":[{"href":"https:\/\/hbsmagazine.eu\/pl\/wp-json\/wp\/v2\/media?parent=2803"}],"wp:term":[{"taxonomy":"category","embeddable":true,"href":"https:\/\/hbsmagazine.eu\/pl\/wp-json\/wp\/v2\/categories?post=2803"},{"taxonomy":"post_tag","embeddable":true,"href":"https:\/\/hbsmagazine.eu\/pl\/wp-json\/wp\/v2\/tags?post=2803"}],"curies":[{"name":"wp","href":"https:\/\/api.w.org\/{rel}","templated":true}]}}